{"id":30343,"date":"2026-08-25T14:42:39","date_gmt":"2026-08-25T12:42:39","guid":{"rendered":"https:\/\/www.hotel-aviva.at\/?p=30343"},"modified":"2026-08-25T14:42:39","modified_gmt":"2026-08-25T12:42:39","slug":"dein-perfekter-herbsturlaub-in-oesterreich","status":"publish","type":"post","link":"https:\/\/www.hotel-aviva.at\/de\/dein-perfekter-herbsturlaub-in-oesterreich\/","title":{"rendered":"Dein perfekter Herbsturlaub in \u00d6sterreich"},"content":{"rendered":"<article id=\"post-29864\" class=\"post-29864 post type-post status-publish format-standard has-post-thumbnail hentry category-unkategorisiert\">\n<div class=\"entry-content\">\n<div class=\"post_header\">\n<article id=\"post-29778\" class=\"post-29778 post type-post status-publish format-standard has-post-thumbnail hentry category-unkategorisiert\">\n<div class=\"entry-content\">\n<div class=\"post_header\">\n<p id=\"p-rc_1d236e43839d6768-77\" data-path-to-node=\"1\"><span class=\"citation-226 citation-end-226\">W\u00e4hrend unten in den T\u00e4lern der Herbstnebel eintrifft, erstrahlt das ober\u00f6sterreichische M\u00fchlviertel auf der H\u00f6henlage des Hotel AVIVA****s in hellem Sonnenlicht.<\/span> <span class=\"citation-225 citation-end-225\">Ein traumhaftes Nebelmeer breitet sich zu Deinen F\u00fc\u00dfen aus, w\u00e4hrend der Blick weit \u00fcber die sanften H\u00fcgel bis hin zu den majest\u00e4tischen Alpen reicht.<\/span> <span class=\"citation-224\">Wenn Du einen abwechslungsreichen <\/span><span class=\"citation-224\">Herbsturlaub in \u00d6sterreich<\/span><span class=\"citation-224\"> suchst \u2013 egal ob alleine beim <\/span><span class=\"citation-224\">Singleurlaub<\/span><span class=\"citation-224 citation-end-224\"> oder als Auszeit mit der besten Freundin \u2013 findest Du im AVIVA die ideale Mischung aus Natur, Bewegung, Erholung und echter Gemeinschaft.<\/span><\/p>\n<h2 data-path-to-node=\"3\">Herbsturlaub wandern: Bewegung an der frischen Luft<\/h2>\n<p id=\"p-rc_1d236e43839d6768-78\" data-path-to-node=\"4\"><span class=\"citation-223 citation-end-223\">Der Herbst ist die stimmungsvollste Jahreszeit f\u00fcr Outdoor-Aktivit\u00e4ten.<\/span> <span class=\"citation-222 citation-end-222\">Die bunten W\u00e4lder des M\u00fchlviertels und die klare Luft laden zu ausgedehnten Erkundungstouren ein:<\/span><\/p>\n<ul data-path-to-node=\"5\">\n<li>\n<p id=\"p-rc_1d236e43839d6768-79\" data-path-to-node=\"5,0,0\"><b data-path-to-node=\"5,0,0\" data-index-in-node=\"0\">Gef\u00fchrte Touren:<\/b> <span class=\"citation-221 citation-end-221\">Schlie\u00dfe Dich den t\u00e4glichen AVIVA-Wanderungen oder E-Bike-Ausfl\u00fcgen an und entdecke die sch\u00f6nsten Aussichtspunkte der Region.<\/span><\/p>\n<\/li>\n<li>\n<p id=\"p-rc_1d236e43839d6768-80\" data-path-to-node=\"5,1,0\"><b data-path-to-node=\"5,1,0\" data-index-in-node=\"0\">Reine Natur:<\/b> <span class=\"citation-220\">Wer beim <\/span><span class=\"citation-220\">Herbsturlaub Wandern<\/span><span class=\"citation-220 citation-end-220\"> bevorzugt, genie\u00dft stille Pfade im B\u00f6hmerwald direkt vor der Hotelt\u00fcr.<\/span><\/p>\n<\/li>\n<li>\n<p id=\"p-rc_1d236e43839d6768-81\" data-path-to-node=\"5,2,0\"><b data-path-to-node=\"5,2,0\" data-index-in-node=\"0\">Gemeinsam aktiv:<\/b> <span class=\"citation-219 citation-end-219\">Sport verbindet \u2013 beim abwechslungsreichen Outdoor-Programm lernst Du ganz ungezwungen Gleichgesinnte kennen.<\/span><\/p>\n<\/li>\n<\/ul>\n<h2 data-path-to-node=\"7\">Herbsturlaub Wellness &amp; Zeit f\u00fcr Dich<\/h2>\n<p id=\"p-rc_1d236e43839d6768-82\" data-path-to-node=\"8\"><span class=\"citation-218 citation-end-218\">Nach einem aktiven Tag an der frischen Luft wartet der 2.500 m\u00b2 gro\u00dfe AVIVA SPA-Bereich:<\/span><\/p>\n<ul data-path-to-node=\"9\">\n<li>\n<p id=\"p-rc_1d236e43839d6768-83\" data-path-to-node=\"9,0,0\"><b data-path-to-node=\"9,0,0\" data-index-in-node=\"0\">Panorama-Saunalandschaft:<\/b> <span class=\"citation-217 citation-end-217\">Schwitzen mit freiem Blick auf das goldene H\u00fcgelland und die Alpenkette.<\/span><\/p>\n<\/li>\n<li>\n<p id=\"p-rc_1d236e43839d6768-84\" data-path-to-node=\"9,1,0\"><b data-path-to-node=\"9,1,0\" data-index-in-node=\"0\">Me-Time &amp; Best-Friends-Time:<\/b> <span class=\"citation-216 citation-end-216\">Entspanne in Ruhebereichen, tanke Kraft bei einer Massage oder genie\u00dfe wertvolle Plausch-Zeit mit Deiner besten Freundin.<\/span><\/p>\n<\/li>\n<li>\n<p id=\"p-rc_1d236e43839d6768-85\" data-path-to-node=\"9,2,0\"><b data-path-to-node=\"9,2,0\" data-index-in-node=\"0\">Regeneration:<\/b> <span class=\"citation-215\">Ein <\/span><span class=\"citation-215\">Herbsturlaub mit Wellness<\/span><span class=\"citation-215 citation-end-215\"> entschleunigt den Geist und st\u00e4rkt das Immunsystem f\u00fcr die k\u00e4ltere Jahreszeit.<\/span><\/p>\n<\/li>\n<\/ul>\n<h2 data-path-to-node=\"11\">AVIVA Event-Highlights im Herbst: Feiern &amp; Lebensfreude<\/h2>\n<p id=\"p-rc_1d236e43839d6768-86\" data-path-to-node=\"12\"><span class=\"citation-214 citation-end-214\">Neben Natur und Entspannung stehen im Herbst hochkar\u00e4tige Events und Themen-Wochenenden auf dem Programm:<\/span><\/p>\n<h3 data-path-to-node=\"13\">Das AVIVA Single-Oktoberfest \u2013 Wiesn-Gaudi exklusiv f\u00fcr Singles &amp; Freunde<\/h3>\n<p id=\"p-rc_1d236e43839d6768-87\" data-path-to-node=\"14\"><span class=\"citation-213\">Wenn es hei\u00dft \u201eO\u2019zapft is!\u201c, verwandelt sich die <\/span><span class=\"citation-213\">AVIVA Alm<\/span><span class=\"citation-213 citation-end-213\"> in eine stimmungsvolle Fest-Location:<\/span><\/p>\n<ul data-path-to-node=\"15\">\n<li>\n<p id=\"p-rc_1d236e43839d6768-88\" data-path-to-node=\"15,0,0\"><b data-path-to-node=\"15,0,0\" data-index-in-node=\"0\">Wiesn-Atmosph\u00e4re ohne Gruppenzwang:<\/b> <span class=\"citation-212 citation-end-212\">Auf normalen Oktoberfesten ist es als Single oft schwer Anschluss zu finden \u2013 im AVIVA feiert die gesamte Community gemeinsam.<\/span><\/p>\n<\/li>\n<li>\n<p id=\"p-rc_1d236e43839d6768-89\" data-path-to-node=\"15,1,0\"><b data-path-to-node=\"15,1,0\" data-index-in-node=\"0\">Tracht &amp; Kulinarik:<\/b> <span class=\"citation-211 citation-end-211\">Mit Dirndl oder Lederhose geht es nach dem Wei\u00dfwurst-Snack oder dem z\u00fcnftigen bayrischen Grillbuffet auf die Alm.<\/span><\/p>\n<\/li>\n<li>\n<p id=\"p-rc_1d236e43839d6768-90\" data-path-to-node=\"15,2,0\"><b data-path-to-node=\"15,2,0\" data-index-in-node=\"0\">Partystimmung pur:<\/b> <span class=\"citation-210 citation-end-210\">Nach Apr\u00e9s-Ski- und Schlagermusik auf der Alm sorgt der DJ in der AVIVA Disco bis tief in die Nacht f\u00fcr volle Tanzfl\u00e4chen.<\/span><\/p>\n<\/li>\n<\/ul>\n<h3 data-path-to-node=\"16\">Abwechslungsreiche Themen-Wochenenden &amp; Special Deals<\/h3>\n<p id=\"p-rc_1d236e43839d6768-91\" data-path-to-node=\"17\"><span class=\"citation-209 citation-end-209\">Egal wof\u00fcr Dein Herz schl\u00e4gt, der AVIVA Eventkalender bietet im Herbst das passende Highlight:<\/span><\/p>\n<ul data-path-to-node=\"18\">\n<li>\n<p id=\"p-rc_1d236e43839d6768-92\" data-path-to-node=\"18,0,0\"><b data-path-to-node=\"18,0,0\" data-index-in-node=\"0\">Music &amp; Party Weekends:<\/b> <span class=\"citation-208\">Vom mitrei\u00dfenden <\/span><a href=\"https:\/\/www.hotel-aviva.at\/de\/special-deals\/aviva-house-music-party-4\/\"><span class=\"citation-208\">House Weekend<\/span><\/a><span class=\"citation-208\"> mit satten Beats am Tag und in der Disco bis hin zur <a href=\"https:\/\/www.hotel-aviva.at\/de\/special-deals\/halloween\/\">Halloween Party<\/a> und zur Zeitreise beim <a href=\"https:\/\/www.hotel-aviva.at\/de\/special-deals\/avivabirthday\/\">AVIVA Geburtstag<\/a> und\u00a0 <a href=\"https:\/\/www.hotel-aviva.at\/de\/special-deals\/time-of-my-life-aviva\/\">Time of my life<\/a><\/span><span class=\"citation-208 citation-end-208\">.<\/span><\/p>\n<\/li>\n<li>\n<p id=\"p-rc_1d236e43839d6768-93\" data-path-to-node=\"18,1,0\"><b data-path-to-node=\"18,1,0\" data-index-in-node=\"0\">Genuss-Wochenenden:<\/b> <span class=\"citation-207\">Ob <\/span><a href=\"https:\/\/www.hotel-aviva.at\/de\/special-deals\/aviva-wine-event-by-wg-fuhrgassl-huber-3\/\"><span class=\"citation-207\">Wine Weekend<\/span><\/a><span class=\"citation-207\"> oder <a href=\"https:\/\/www.hotel-aviva.at\/de\/special-deals\/viva-litalia\/\">viva l\u00b4italia<\/a><\/span><span class=\"citation-207 citation-end-207\">\u00a0\u2013 hier treffen edle Tropfen auf gesellige Runden.<\/span><\/p>\n<\/li>\n<li>\n<p id=\"p-rc_1d236e43839d6768-94\" data-path-to-node=\"18,2,0\"><b data-path-to-node=\"18,2,0\" data-index-in-node=\"0\">Impulse &amp; Workshops:<\/b> Themen-Specials wie der beliebte Single-Workshop <a href=\"https:\/\/www.hotel-aviva.at\/de\/special-deals\/kuess-mich-wach-2\/\">\u201eK\u00fcss mich wach!\u201c <\/a><i data-path-to-node=\"18,2,0\" data-index-in-node=\"70\">oder <\/i><a href=\"https:\/\/www.hotel-aviva.at\/de\/special-deals\/gluecksmomente\/\">&#8222;Gl\u00fccksmomente&#8220;<\/a> \u00a0<span class=\"citation-206 citation-end-206\">verbinden Selbsterfahrung, Austausch und Urlaubsfeeling.<\/span><\/p>\n<\/li>\n<\/ul>\n<h2 data-path-to-node=\"20\">Gemeinschaft genie\u00dfen: make friends ohne Paare &amp; Kinder<\/h2>\n<p id=\"p-rc_1d236e43839d6768-95\" data-path-to-node=\"21\"><span class=\"citation-205 citation-end-205\">Das Hotel AVIVA steht f\u00fcr ein europaweit einzigartiges Konzept: Urlaub exklusiv f\u00fcr Singles, Alleinreisende und Freunde \u2013 garantiert ohne P\u00e4rchen-Romantik oder Kindertrubel.<\/span><\/p>\n<ul data-path-to-node=\"22\">\n<li>\n<p id=\"p-rc_1d236e43839d6768-96\" data-path-to-node=\"22,0,0\"><b data-path-to-node=\"22,0,0\" data-index-in-node=\"0\">Kommunikationstische:<\/b> <span class=\"citation-204 citation-end-204\">Beim 6-G\u00e4nge-Dinner sitzt niemand alleine am Katzentisch.<\/span> <span class=\"citation-203 citation-end-203\">Gute Gespr\u00e4che und neues Lachen ergeben sich von selbst.<\/span><\/p>\n<\/li>\n<li>\n<p id=\"p-rc_1d236e43839d6768-97\" data-path-to-node=\"22,1,0\"><b data-path-to-node=\"22,1,0\" data-index-in-node=\"0\">Abendunterhaltung:<\/b> <span class=\"citation-202 citation-end-202\">Ob Absacker an der Bar, Party im Dance Club oder H\u00fcttengaudi auf der AVIVA Alm \u2013 Du bestimmst das Tempo Deines Abends.<\/span><\/p>\n<\/li>\n<\/ul>\n<h2 data-path-to-node=\"24\">Herbsturlaub Tipps f\u00fcr Deine Auszeit<\/h2>\n<table data-path-to-node=\"25\">\n<thead>\n<tr>\n<td><strong>Urlaubstyp<\/strong><\/td>\n<td><strong>Dein AVIVA-Highlight<\/strong><\/td>\n<\/tr>\n<\/thead>\n<tbody>\n<tr>\n<td><span data-path-to-node=\"25,1,0,0\"><b data-path-to-node=\"25,1,0,0\" data-index-in-node=\"0\">Aktiv-Enthusiast<\/b><\/span><\/td>\n<td><span data-path-to-node=\"25,1,1,0\">Gef\u00fchrte Herbstwanderungen &amp; E-Bike-Touren \u00fcber dem Nebelmeer<\/span><\/td>\n<\/tr>\n<tr>\n<td><span data-path-to-node=\"25,2,0,0\"><b data-path-to-node=\"25,2,0,0\" data-index-in-node=\"0\">Wellness-Genie\u00dfer<\/b><\/span><\/td>\n<td><span data-path-to-node=\"25,2,1,0\">Indoorpool, Saunen &amp; Spa-Behandlungen mit Alpenblick<\/span><\/td>\n<\/tr>\n<tr>\n<td><span data-path-to-node=\"25,3,0,0\"><b data-path-to-node=\"25,3,0,0\" data-index-in-node=\"0\">Party- &amp; Event-Tiger<\/b><\/span><\/td>\n<td><span data-path-to-node=\"25,3,1,0\">Z\u00fcnftiges Single-Oktoberfest oder stylische House- &amp; Genuss-Wochenenden<\/span><\/td>\n<\/tr>\n<tr>\n<td><span data-path-to-node=\"25,4,0,0\"><b data-path-to-node=\"25,4,0,0\" data-index-in-node=\"0\">Solo-Reisender<\/b><\/span><\/td>\n<td><span data-path-to-node=\"25,4,1,0\">Ungezwungener Singleurlaub mit Sofort-Anschluss am Community-Tisch<\/span><\/td>\n<\/tr>\n<tr>\n<td><span data-path-to-node=\"25,5,0,0\"><b data-path-to-node=\"25,5,0,0\" data-index-in-node=\"0\">Best-Friends-Duo<\/b><\/span><\/td>\n<td><span data-path-to-node=\"25,5,1,0\">Quatschen, Wellnessen, Tanzen &amp; wertvolle M\u00e4dels-Zeit<\/span><\/td>\n<\/tr>\n<\/tbody>\n<\/table>\n<p id=\"p-rc_1d236e43839d6768-98\" data-path-to-node=\"26\"><span class=\"citation-201 citation-end-201\">Trotz Nebel in den Niederungen erwartet Dich im M\u00fchlviertel die Sonne.<\/span> Pack die Wanderschuhe, das Dirndl bzw. <span class=\"citation-200 citation-end-200\">die Lederhose und den Bademantel ein und erlebe Deinen unvergesslichen Herbsturlaub im Hotel AVIVA!<\/span><\/p>\n<p>Autorin: Verena Reingruber, Marketing Hotel AVIVA****s make friends<\/p>\n<\/div>\n<\/div>\n<\/article>\n<\/div>\n<\/div>\n<\/article>\n<div class=\"post_nav\"><\/div>\n<div id=\"gallery-1\" class=\"gallery galleryid-30028 gallery-columns-3 gallery-size-large\"><\/div>\n","protected":false},"excerpt":{"rendered":"<p>W\u00e4hrend unten in den T\u00e4lern der Herbstnebel eintrifft, erstrahlt das ober\u00f6sterreichische M\u00fchlviertel auf der H\u00f6henlage des Hotel AVIVA****s in hellem Sonnenlicht. Ein traumhaftes Nebelmeer breitet sich zu Deinen F\u00fc\u00dfen aus, w\u00e4hrend der Blick weit \u00fcber die sanften H\u00fcgel bis hin zu den majest\u00e4tischen Alpen reicht. Wenn Du einen abwechslungsreichen Herbsturlaub in \u00d6sterreich suchst \u2013 egal [&hellip;]<\/p>\n","protected":false},"author":4,"featured_media":3186,"comment_status":"closed","ping_status":"closed","sticky":false,"template":"","format":"standard","meta":{"_acf_changed":false,"inline_featured_image":false,"footnotes":""},"categories":[1],"tags":[],"class_list":["post-30343","post","type-post","status-publish","format-standard","has-post-thumbnail","hentry","category-unkategorisiert"],"acf":[],"_links":{"self":[{"href":"https:\/\/www.hotel-aviva.at\/de\/wp-json\/wp\/v2\/posts\/30343","targetHints":{"allow":["GET"]}}],"collection":[{"href":"https:\/\/www.hotel-aviva.at\/de\/wp-json\/wp\/v2\/posts"}],"about":[{"href":"https:\/\/www.hotel-aviva.at\/de\/wp-json\/wp\/v2\/types\/post"}],"author":[{"embeddable":true,"href":"https:\/\/www.hotel-aviva.at\/de\/wp-json\/wp\/v2\/users\/4"}],"replies":[{"embeddable":true,"href":"https:\/\/www.hotel-aviva.at\/de\/wp-json\/wp\/v2\/comments?post=30343"}],"version-history":[{"count":3,"href":"https:\/\/www.hotel-aviva.at\/de\/wp-json\/wp\/v2\/posts\/30343\/revisions"}],"predecessor-version":[{"id":30346,"href":"https:\/\/www.hotel-aviva.at\/de\/wp-json\/wp\/v2\/posts\/30343\/revisions\/30346"}],"wp:featuredmedia":[{"embeddable":true,"href":"https:\/\/www.hotel-aviva.at\/de\/wp-json\/wp\/v2\/media\/3186"}],"wp:attachment":[{"href":"https:\/\/www.hotel-aviva.at\/de\/wp-json\/wp\/v2\/media?parent=30343"}],"wp:term":[{"taxonomy":"category","embeddable":true,"href":"https:\/\/www.hotel-aviva.at\/de\/wp-json\/wp\/v2\/categories?post=30343"},{"taxonomy":"post_tag","embeddable":true,"href":"https:\/\/www.hotel-aviva.at\/de\/wp-json\/wp\/v2\/tags?post=30343"}],"curies":[{"name":"wp","href":"https:\/\/api.w.org\/{rel}","templated":true}]}}